{"id":1710,"date":"2023-06-18T11:07:02","date_gmt":"2023-06-18T09:07:02","guid":{"rendered":"https:\/\/foundationmetaverse.eu\/mise-a-jour-sur-le-theme-central-web3-crypto-et-propriete-numerique-par-lennart-bloedorn"},"modified":"2023-06-18T11:23:52","modified_gmt":"2023-06-18T09:23:52","slug":"mise-a-jour-sur-le-theme-central-web3-crypto-et-propriete-numerique-par-lennart-bloedorn","status":"publish","type":"post","link":"https:\/\/foundationmetaverse.eu\/fr\/mise-a-jour-sur-le-theme-central-web3-crypto-et-propriete-numerique-par-lennart-bloedorn","title":{"rendered":"Mise \u00e0 jour sur le th\u00e8me central \u00ab\u00a0Web3, crypto et propri\u00e9t\u00e9 num\u00e9rique\u00a0\u00bb par Lennart Bl\u00f6dorn (Original en allemand, version traduite automatiquement)"},"content":{"rendered":"\n<p>Ces derni\u00e8res ann\u00e9es, peu de domaines ont connu une \u00e9volution aussi rapide que le monde du Web3, de la cryptographie et de la propri\u00e9t\u00e9 num\u00e9rique. Les nouvelles se sont encha\u00een\u00e9es et m\u00eame les experts du secteur ont eu du mal \u00e0 suivre le rythme. Apr\u00e8s le d\u00e9clin de l&rsquo;int\u00e9r\u00eat du public \u00e0 la fin de l&rsquo;ann\u00e9e derni\u00e8re et l&rsquo;ombre port\u00e9e sur le monde du Web3 par des \u00e9v\u00e9nements tels que l&rsquo;effondrement de la cryptobourse FTX, c&rsquo;est le th\u00e8me de l&rsquo;intelligence artificielle (IA) qui a attir\u00e9 l&rsquo;attention des masses depuis le d\u00e9but de cette ann\u00e9e.<\/p>\n\n<p>Compte tenu de cette dynamique, il est temps de prendre du recul et de se demander ce qu&rsquo;il reste de l&rsquo;engouement pour la possession num\u00e9rique et comment mettre \u00e0 profit cette p\u00e9riode de calme.<\/p>\n\n<p>Lors de la derni\u00e8re r\u00e9union de la Metaverse Foundation Europe, les experts \u00e9taient d\u00e9j\u00e0 d&rsquo;accord sur le fait que le d\u00e9veloppement du Web3 prendrait encore du temps avant d&rsquo;atteindre une phase d&rsquo;application \u00e0 grande \u00e9chelle. <a href=\"https:\/\/foundationmetaverse.eu\/fr\/retour-sur-la-table-ronde-dexperts-foundation-metaverse-europe-sur-le-web3-la-cryptographie-et-la-propriete-numerique\">Vous trouverez d&rsquo;autres aper\u00e7us de cette r\u00e9union d&rsquo;experts dans notre r\u00e9trospective.<\/a><\/p>\n\n<p>Dans le cadre d&rsquo;un groupe de travail sur le th\u00e8me du Web3, les discussions ont notamment port\u00e9 sur les potentiels et les d\u00e9fis que repr\u00e9sente la possession num\u00e9rique pour la soci\u00e9t\u00e9, la politique et les entreprises. Une condition pr\u00e9alable \u00e0 un tel d\u00e9bat est la cr\u00e9ation d&rsquo;une terminologie uniforme. Dans cette optique, la Metaverse Foundation Europe s&rsquo;est mise d&rsquo;accord, au sein du groupe consultatif, sur la d\u00e9finition suivante :<\/p>\n\n<p>\u00ab\u00a0Web3 est une variante d\u00e9centralis\u00e9e, sans confiance et \u00e0 source ouverte d&rsquo;Internet, bas\u00e9e sur la technologie blockchain\u00a0\u00bb.<\/p>\n\n<p><strong>L&rsquo;avenir du Web3 : le d\u00e9ploiement d&rsquo;un cosmos aux multiples facettes<\/strong><\/p>\n\n<p>L&rsquo;un des d\u00e9fis les plus importants pour les entreprises dans le contexte de la propri\u00e9t\u00e9 num\u00e9rique est la s\u00e9curit\u00e9 juridique non r\u00e9solue. Des questions relatives aux droits de propri\u00e9t\u00e9 intellectuelle et \u00e0 la protection des donn\u00e9es \u00e0 la fiscalit\u00e9 et \u00e0 la r\u00e9glementation financi\u00e8re des actifs num\u00e9riques, il existe une incertitude qui ne doit pas \u00eatre n\u00e9glig\u00e9e. Compte tenu de l&rsquo;importance de ce sujet, <a href=\"https:\/\/foundationmetaverse.eu\/fr?p=1565\">la c\u00e9l\u00e8bre experte Anna Graf a pris position dans un document de synth\u00e8se ind\u00e9pendant pour la Metaverse Foundation Europe.<\/a><\/p>\n\n<p>Les experts consid\u00e8rent que les barri\u00e8res existantes \u00e0 l&rsquo;entr\u00e9e pour les utilisateurs constituent un autre d\u00e9fi pour le d\u00e9veloppement du Web3 et des possessions num\u00e9riques qui y sont li\u00e9es. Actuellement, la mise en place et la gestion d&rsquo;un portefeuille personnel, n\u00e9cessaire \u00e0 la conservation d&rsquo;actifs num\u00e9riques, est encore trop complexe. Cela emp\u00eache de grands groupes d&rsquo;utilisateurs d&rsquo;entrer dans le monde du Web3.<\/p>\n\n<p>Le groupe d&rsquo;experts s&rsquo;accorde \u00e0 dire que la seule solution consiste \u00e0 rendre les portefeuilles aussi conviviaux que les syst\u00e8mes comparables utilis\u00e9s dans les services bancaires en ligne ou la gestion d&rsquo;un compte Google. Les derniers d\u00e9veloppements, comme l&rsquo;initiative de Coinbase de cr\u00e9er une offre de portefeuille en tant que service, aident les entreprises \u00e0 proposer \u00e0 leurs clients des solutions de portefeuille transparentes qui s&rsquo;int\u00e8grent dans l&rsquo;exp\u00e9rience utilisateur.<\/p>\n\n<p>Selon le groupe de travail sur le Web3, c&rsquo;est pr\u00e9cis\u00e9ment dans cette int\u00e9gration sans faille que r\u00e9side le potentiel futur. En 2023, de plus en plus d&rsquo;entreprises se lancent dans l&rsquo;utilisation d&rsquo;actifs num\u00e9riques. R\u00e9cemment, Louis Vuitton a annonc\u00e9 un programme de fid\u00e9lisation innovant bas\u00e9 sur une vente NFT. Nike a \u00e9galement annonc\u00e9 une collaboration avec le d\u00e9veloppeur de jeux vid\u00e9o EA Sports et la plateforme d&rsquo;actifs num\u00e9riques dotSWOOSH, fond\u00e9e par Nike. La Formule 1 a \u00e9galement utilis\u00e9 pour la premi\u00e8re fois des NFT pour des billets sp\u00e9ciaux du Grand Prix de Monaco.<\/p>\n\n<p>Tous ces d\u00e9veloppements des derniers mois montrent que le Web3 n&rsquo;\u00e9tait pas une mode passag\u00e8re. Les plus grandes marques et entreprises travaillent en coulisses pour d\u00e9velopper ce cosmos.<\/p>\n\n<p>Au contraire, du point de vue de la Metaverse Foundation Europe, on assiste \u00e0 l&rsquo;\u00e9mergence d&rsquo;un r\u00e9seau croissant de connexions dans lequel les d\u00e9veloppements de la blockchain, de la r\u00e9alit\u00e9 virtuelle\/augment\u00e9e, du m\u00e9tavers et de l&rsquo;intelligence artificielle se rejoignent.<\/p>\n\n<p>Sam Altman, le fondateur d&rsquo;OpenAI, l&rsquo;entreprise derri\u00e8re le mod\u00e8le de ChatGPT, le syst\u00e8me qui a d\u00e9clench\u00e9 l&rsquo;engouement actuel pour l&rsquo;intelligence artificielle, a r\u00e9cemment pr\u00e9sent\u00e9 son nouveau projet appel\u00e9 \u00ab\u00a0World Coin\u00a0\u00bb. Il s&rsquo;agit d&rsquo;un projet de cryptographie sur le web3 qui vise \u00e0 g\u00e9rer sa propre identit\u00e9 de mani\u00e8re d\u00e9centralis\u00e9e. Un scan de l&rsquo;iris et un passeport num\u00e9rique seront utilis\u00e9s pour lutter contre les fake news et les bots. Apple se lance \u00e9galement sur le march\u00e9 avec son nouveau casque VR et mise sur un scanner d&rsquo;iris.<\/p>\n\n<p>La Metaverse Foundation Europe y voit une \u00e9volution passionnante, car les th\u00e8mes de la possession num\u00e9rique, du Web3, de Metaverse et de l&rsquo;IA vont de plus en plus fusionner \u00e0 l&rsquo;avenir. Bien que chacun de ces domaines ait encore ses propres d\u00e9fis \u00e0 relever, de plus en plus d&rsquo;exemples d&rsquo;applications montrent le potentiel de chacune de ces technologies.<\/p>\n","protected":false},"excerpt":{"rendered":"<p>Ces derni\u00e8res ann\u00e9es, peu de domaines ont connu une \u00e9volution aussi rapide que le monde du Web3, de la cryptographie et de la propri\u00e9t\u00e9 num\u00e9rique. Les nouvelles se sont encha\u00een\u00e9es et m\u00eame les experts du secteur ont eu du mal \u00e0 suivre le rythme. Apr\u00e8s le d\u00e9clin de l&rsquo;int\u00e9r\u00eat du public \u00e0 la fin de l&rsquo;ann\u00e9e derni\u00e8re et l&rsquo;ombre port\u00e9e [&hellip;]<\/p>\n","protected":false},"author":4,"featured_media":0,"comment_status":"open","ping_status":"open","sticky":false,"template":"","format":"standard","meta":{"_acf_changed":false,"_eb_attr":"","_EventAllDay":false,"_EventTimezone":"","_EventStartDate":"","_EventEndDate":"","_EventStartDateUTC":"","_EventEndDateUTC":"","_EventShowMap":false,"_EventShowMapLink":false,"_EventURL":"","_EventCost":"","_EventCostDescription":"","_EventCurrencySymbol":"","_EventCurrencyCode":"","_EventCurrencyPosition":"","_EventDateTimeSeparator":"","_EventTimeRangeSeparator":"","_EventOrganizerID":[],"_EventVenueID":[],"_OrganizerEmail":"","_OrganizerPhone":"","_OrganizerWebsite":"","_VenueAddress":"","_VenueCity":"","_VenueCountry":"","_VenueProvince":"","_VenueState":"","_VenueZip":"","_VenuePhone":"","_VenueURL":"","_VenueStateProvince":"","_VenueLat":"","_VenueLng":"","_VenueShowMap":false,"_VenueShowMapLink":false,"_jetpack_memberships_contains_paid_content":false,"footnotes":""},"categories":[82],"tags":[],"class_list":["post-1710","post","type-post","status-publish","format-standard","hentry","category-positionspapier-fr"],"acf":[],"yoast_head":"<!-- This site is optimized with the Yoast SEO plugin v26.8 - https:\/\/yoast.com\/product\/yoast-seo-wordpress\/ -->\n<title>Mise \u00e0 jour sur le th\u00e8me central &quot;Web3, crypto et propri\u00e9t\u00e9 num\u00e9rique&quot; par Lennart Bl\u00f6dorn (Original en allemand, version traduite automatiquement) - Foundation Metaverse Europe<\/title>\n<meta name=\"robots\" content=\"index, follow, max-snippet:-1, max-image-preview:large, max-video-preview:-1\" \/>\n<link rel=\"canonical\" href=\"https:\/\/foundationmetaverse.eu\/fr\/mise-a-jour-sur-le-theme-central-web3-crypto-et-propriete-numerique-par-lennart-bloedorn\" \/>\n<meta property=\"og:locale\" content=\"fr_FR\" \/>\n<meta property=\"og:type\" content=\"article\" \/>\n<meta property=\"og:title\" content=\"Mise \u00e0 jour sur le th\u00e8me central &quot;Web3, crypto et propri\u00e9t\u00e9 num\u00e9rique&quot; par Lennart Bl\u00f6dorn (Original en allemand, version traduite automatiquement) - Foundation Metaverse Europe\" \/>\n<meta property=\"og:description\" content=\"Ces derni\u00e8res ann\u00e9es, peu de domaines ont connu une \u00e9volution aussi rapide que le monde du Web3, de la cryptographie et de la propri\u00e9t\u00e9 num\u00e9rique. Les nouvelles se sont encha\u00een\u00e9es et m\u00eame les experts du secteur ont eu du mal \u00e0 suivre le rythme. Apr\u00e8s le d\u00e9clin de l&rsquo;int\u00e9r\u00eat du public \u00e0 la fin de l&rsquo;ann\u00e9e derni\u00e8re et l&rsquo;ombre port\u00e9e [&hellip;]\" \/>\n<meta property=\"og:url\" content=\"https:\/\/foundationmetaverse.eu\/fr\/mise-a-jour-sur-le-theme-central-web3-crypto-et-propriete-numerique-par-lennart-bloedorn\" \/>\n<meta property=\"og:site_name\" content=\"Foundation Metaverse Europe\" \/>\n<meta property=\"article:published_time\" content=\"2023-06-18T09:07:02+00:00\" \/>\n<meta property=\"article:modified_time\" content=\"2023-06-18T09:23:52+00:00\" \/>\n<meta name=\"author\" content=\"Lennart Bl\u00f6dorn\" \/>\n<meta name=\"twitter:card\" content=\"summary_large_image\" \/>\n<meta name=\"twitter:label1\" content=\"\u00c9crit par\" \/>\n\t<meta name=\"twitter:data1\" content=\"Lennart Bl\u00f6dorn\" \/>\n\t<meta name=\"twitter:label2\" content=\"Dur\u00e9e de lecture estim\u00e9e\" \/>\n\t<meta name=\"twitter:data2\" content=\"4 minutes\" \/>\n<script type=\"application\/ld+json\" class=\"yoast-schema-graph\">{\"@context\":\"https:\/\/schema.org\",\"@graph\":[{\"@type\":\"Article\",\"@id\":\"https:\/\/foundationmetaverse.eu\/fr\/mise-a-jour-sur-le-theme-central-web3-crypto-et-propriete-numerique-par-lennart-bloedorn#article\",\"isPartOf\":{\"@id\":\"https:\/\/foundationmetaverse.eu\/fr\/mise-a-jour-sur-le-theme-central-web3-crypto-et-propriete-numerique-par-lennart-bloedorn\"},\"author\":{\"name\":\"Lennart Bl\u00f6dorn\",\"@id\":\"https:\/\/foundationmetaverse.eu\/fr#\/schema\/person\/1c453bb633ff80c1deab92d27cf0d18c\"},\"headline\":\"Mise \u00e0 jour sur le th\u00e8me central \u00ab\u00a0Web3, crypto et propri\u00e9t\u00e9 num\u00e9rique\u00a0\u00bb par Lennart Bl\u00f6dorn (Original en allemand, version traduite automatiquement)\",\"datePublished\":\"2023-06-18T09:07:02+00:00\",\"dateModified\":\"2023-06-18T09:23:52+00:00\",\"mainEntityOfPage\":{\"@id\":\"https:\/\/foundationmetaverse.eu\/fr\/mise-a-jour-sur-le-theme-central-web3-crypto-et-propriete-numerique-par-lennart-bloedorn\"},\"wordCount\":900,\"commentCount\":0,\"publisher\":{\"@id\":\"https:\/\/foundationmetaverse.eu\/fr#organization\"},\"articleSection\":[\"Positionspapier\"],\"inLanguage\":\"fr-FR\",\"potentialAction\":[{\"@type\":\"CommentAction\",\"name\":\"Comment\",\"target\":[\"https:\/\/foundationmetaverse.eu\/fr\/mise-a-jour-sur-le-theme-central-web3-crypto-et-propriete-numerique-par-lennart-bloedorn#respond\"]}]},{\"@type\":\"WebPage\",\"@id\":\"https:\/\/foundationmetaverse.eu\/fr\/mise-a-jour-sur-le-theme-central-web3-crypto-et-propriete-numerique-par-lennart-bloedorn\",\"url\":\"https:\/\/foundationmetaverse.eu\/fr\/mise-a-jour-sur-le-theme-central-web3-crypto-et-propriete-numerique-par-lennart-bloedorn\",\"name\":\"Mise \u00e0 jour sur le th\u00e8me central \\\"Web3, crypto et propri\u00e9t\u00e9 num\u00e9rique\\\" par Lennart Bl\u00f6dorn (Original en allemand, version traduite automatiquement) - Foundation Metaverse Europe\",\"isPartOf\":{\"@id\":\"https:\/\/foundationmetaverse.eu\/fr#website\"},\"datePublished\":\"2023-06-18T09:07:02+00:00\",\"dateModified\":\"2023-06-18T09:23:52+00:00\",\"breadcrumb\":{\"@id\":\"https:\/\/foundationmetaverse.eu\/fr\/mise-a-jour-sur-le-theme-central-web3-crypto-et-propriete-numerique-par-lennart-bloedorn#breadcrumb\"},\"inLanguage\":\"fr-FR\",\"potentialAction\":[{\"@type\":\"ReadAction\",\"target\":[\"https:\/\/foundationmetaverse.eu\/fr\/mise-a-jour-sur-le-theme-central-web3-crypto-et-propriete-numerique-par-lennart-bloedorn\"]}]},{\"@type\":\"BreadcrumbList\",\"@id\":\"https:\/\/foundationmetaverse.eu\/fr\/mise-a-jour-sur-le-theme-central-web3-crypto-et-propriete-numerique-par-lennart-bloedorn#breadcrumb\",\"itemListElement\":[{\"@type\":\"ListItem\",\"position\":1,\"name\":\"Startseite\",\"item\":\"https:\/\/foundationmetaverse.eu\/fr\"},{\"@type\":\"ListItem\",\"position\":2,\"name\":\"Mise \u00e0 jour sur le th\u00e8me central &#8222;Web3, crypto et propri\u00e9t\u00e9 num\u00e9rique&#8220; par Lennart Bl\u00f6dorn (Original en allemand, version traduite automatiquement)\"}]},{\"@type\":\"WebSite\",\"@id\":\"https:\/\/foundationmetaverse.eu\/fr#website\",\"url\":\"https:\/\/foundationmetaverse.eu\/fr\",\"name\":\"Foundation Metaverse Europe\",\"description\":\"We anchor European values in the mind and heart of the Metaverse.\",\"publisher\":{\"@id\":\"https:\/\/foundationmetaverse.eu\/fr#organization\"},\"potentialAction\":[{\"@type\":\"SearchAction\",\"target\":{\"@type\":\"EntryPoint\",\"urlTemplate\":\"https:\/\/foundationmetaverse.eu\/fr?s={search_term_string}\"},\"query-input\":{\"@type\":\"PropertyValueSpecification\",\"valueRequired\":true,\"valueName\":\"search_term_string\"}}],\"inLanguage\":\"fr-FR\"},{\"@type\":\"Organization\",\"@id\":\"https:\/\/foundationmetaverse.eu\/fr#organization\",\"name\":\"Foundation Metaverse Europe\",\"url\":\"https:\/\/foundationmetaverse.eu\/fr\",\"logo\":{\"@type\":\"ImageObject\",\"inLanguage\":\"fr-FR\",\"@id\":\"https:\/\/foundationmetaverse.eu\/fr#\/schema\/logo\/image\/\",\"url\":\"https:\/\/foundationmetaverse.eu\/wp-content\/uploads\/2022\/04\/FME_Logo_AllBlack_Small.png\",\"contentUrl\":\"https:\/\/foundationmetaverse.eu\/wp-content\/uploads\/2022\/04\/FME_Logo_AllBlack_Small.png\",\"width\":600,\"height\":262,\"caption\":\"Foundation Metaverse Europe\"},\"image\":{\"@id\":\"https:\/\/foundationmetaverse.eu\/fr#\/schema\/logo\/image\/\"},\"sameAs\":[\"https:\/\/www.linkedin.com\/company\/foundation-metaverse-europe\/\"]},{\"@type\":\"Person\",\"@id\":\"https:\/\/foundationmetaverse.eu\/fr#\/schema\/person\/1c453bb633ff80c1deab92d27cf0d18c\",\"name\":\"Lennart Bl\u00f6dorn\",\"image\":{\"@type\":\"ImageObject\",\"inLanguage\":\"fr-FR\",\"@id\":\"https:\/\/foundationmetaverse.eu\/fr#\/schema\/person\/image\/\",\"url\":\"https:\/\/secure.gravatar.com\/avatar\/fb1a6493747aaced3c62d35665be2ab5?s=96&d=mm&r=g\",\"contentUrl\":\"https:\/\/secure.gravatar.com\/avatar\/fb1a6493747aaced3c62d35665be2ab5?s=96&d=mm&r=g\",\"caption\":\"Lennart Bl\u00f6dorn\"},\"url\":\"https:\/\/foundationmetaverse.eu\/fr\/author\/lennart-bloedorn\"}]}<\/script>\n<!-- \/ Yoast SEO plugin. -->","yoast_head_json":{"title":"Mise \u00e0 jour sur le th\u00e8me central \"Web3, crypto et propri\u00e9t\u00e9 num\u00e9rique\" par Lennart Bl\u00f6dorn (Original en allemand, version traduite automatiquement) - Foundation Metaverse Europe","robots":{"index":"index","follow":"follow","max-snippet":"max-snippet:-1","max-image-preview":"max-image-preview:large","max-video-preview":"max-video-preview:-1"},"canonical":"https:\/\/foundationmetaverse.eu\/fr\/mise-a-jour-sur-le-theme-central-web3-crypto-et-propriete-numerique-par-lennart-bloedorn","og_locale":"fr_FR","og_type":"article","og_title":"Mise \u00e0 jour sur le th\u00e8me central \"Web3, crypto et propri\u00e9t\u00e9 num\u00e9rique\" par Lennart Bl\u00f6dorn (Original en allemand, version traduite automatiquement) - Foundation Metaverse Europe","og_description":"Ces derni\u00e8res ann\u00e9es, peu de domaines ont connu une \u00e9volution aussi rapide que le monde du Web3, de la cryptographie et de la propri\u00e9t\u00e9 num\u00e9rique. Les nouvelles se sont encha\u00een\u00e9es et m\u00eame les experts du secteur ont eu du mal \u00e0 suivre le rythme. Apr\u00e8s le d\u00e9clin de l&rsquo;int\u00e9r\u00eat du public \u00e0 la fin de l&rsquo;ann\u00e9e derni\u00e8re et l&rsquo;ombre port\u00e9e [&hellip;]","og_url":"https:\/\/foundationmetaverse.eu\/fr\/mise-a-jour-sur-le-theme-central-web3-crypto-et-propriete-numerique-par-lennart-bloedorn","og_site_name":"Foundation Metaverse Europe","article_published_time":"2023-06-18T09:07:02+00:00","article_modified_time":"2023-06-18T09:23:52+00:00","author":"Lennart Bl\u00f6dorn","twitter_card":"summary_large_image","twitter_misc":{"\u00c9crit par":"Lennart Bl\u00f6dorn","Dur\u00e9e de lecture estim\u00e9e":"4 minutes"},"schema":{"@context":"https:\/\/schema.org","@graph":[{"@type":"Article","@id":"https:\/\/foundationmetaverse.eu\/fr\/mise-a-jour-sur-le-theme-central-web3-crypto-et-propriete-numerique-par-lennart-bloedorn#article","isPartOf":{"@id":"https:\/\/foundationmetaverse.eu\/fr\/mise-a-jour-sur-le-theme-central-web3-crypto-et-propriete-numerique-par-lennart-bloedorn"},"author":{"name":"Lennart Bl\u00f6dorn","@id":"https:\/\/foundationmetaverse.eu\/fr#\/schema\/person\/1c453bb633ff80c1deab92d27cf0d18c"},"headline":"Mise \u00e0 jour sur le th\u00e8me central \u00ab\u00a0Web3, crypto et propri\u00e9t\u00e9 num\u00e9rique\u00a0\u00bb par Lennart Bl\u00f6dorn (Original en allemand, version traduite automatiquement)","datePublished":"2023-06-18T09:07:02+00:00","dateModified":"2023-06-18T09:23:52+00:00","mainEntityOfPage":{"@id":"https:\/\/foundationmetaverse.eu\/fr\/mise-a-jour-sur-le-theme-central-web3-crypto-et-propriete-numerique-par-lennart-bloedorn"},"wordCount":900,"commentCount":0,"publisher":{"@id":"https:\/\/foundationmetaverse.eu\/fr#organization"},"articleSection":["Positionspapier"],"inLanguage":"fr-FR","potentialAction":[{"@type":"CommentAction","name":"Comment","target":["https:\/\/foundationmetaverse.eu\/fr\/mise-a-jour-sur-le-theme-central-web3-crypto-et-propriete-numerique-par-lennart-bloedorn#respond"]}]},{"@type":"WebPage","@id":"https:\/\/foundationmetaverse.eu\/fr\/mise-a-jour-sur-le-theme-central-web3-crypto-et-propriete-numerique-par-lennart-bloedorn","url":"https:\/\/foundationmetaverse.eu\/fr\/mise-a-jour-sur-le-theme-central-web3-crypto-et-propriete-numerique-par-lennart-bloedorn","name":"Mise \u00e0 jour sur le th\u00e8me central \"Web3, crypto et propri\u00e9t\u00e9 num\u00e9rique\" par Lennart Bl\u00f6dorn (Original en allemand, version traduite automatiquement) - Foundation Metaverse Europe","isPartOf":{"@id":"https:\/\/foundationmetaverse.eu\/fr#website"},"datePublished":"2023-06-18T09:07:02+00:00","dateModified":"2023-06-18T09:23:52+00:00","breadcrumb":{"@id":"https:\/\/foundationmetaverse.eu\/fr\/mise-a-jour-sur-le-theme-central-web3-crypto-et-propriete-numerique-par-lennart-bloedorn#breadcrumb"},"inLanguage":"fr-FR","potentialAction":[{"@type":"ReadAction","target":["https:\/\/foundationmetaverse.eu\/fr\/mise-a-jour-sur-le-theme-central-web3-crypto-et-propriete-numerique-par-lennart-bloedorn"]}]},{"@type":"BreadcrumbList","@id":"https:\/\/foundationmetaverse.eu\/fr\/mise-a-jour-sur-le-theme-central-web3-crypto-et-propriete-numerique-par-lennart-bloedorn#breadcrumb","itemListElement":[{"@type":"ListItem","position":1,"name":"Startseite","item":"https:\/\/foundationmetaverse.eu\/fr"},{"@type":"ListItem","position":2,"name":"Mise \u00e0 jour sur le th\u00e8me central &#8222;Web3, crypto et propri\u00e9t\u00e9 num\u00e9rique&#8220; par Lennart Bl\u00f6dorn (Original en allemand, version traduite automatiquement)"}]},{"@type":"WebSite","@id":"https:\/\/foundationmetaverse.eu\/fr#website","url":"https:\/\/foundationmetaverse.eu\/fr","name":"Foundation Metaverse Europe","description":"We anchor European values in the mind and heart of the Metaverse.","publisher":{"@id":"https:\/\/foundationmetaverse.eu\/fr#organization"},"potentialAction":[{"@type":"SearchAction","target":{"@type":"EntryPoint","urlTemplate":"https:\/\/foundationmetaverse.eu\/fr?s={search_term_string}"},"query-input":{"@type":"PropertyValueSpecification","valueRequired":true,"valueName":"search_term_string"}}],"inLanguage":"fr-FR"},{"@type":"Organization","@id":"https:\/\/foundationmetaverse.eu\/fr#organization","name":"Foundation Metaverse Europe","url":"https:\/\/foundationmetaverse.eu\/fr","logo":{"@type":"ImageObject","inLanguage":"fr-FR","@id":"https:\/\/foundationmetaverse.eu\/fr#\/schema\/logo\/image\/","url":"https:\/\/foundationmetaverse.eu\/wp-content\/uploads\/2022\/04\/FME_Logo_AllBlack_Small.png","contentUrl":"https:\/\/foundationmetaverse.eu\/wp-content\/uploads\/2022\/04\/FME_Logo_AllBlack_Small.png","width":600,"height":262,"caption":"Foundation Metaverse Europe"},"image":{"@id":"https:\/\/foundationmetaverse.eu\/fr#\/schema\/logo\/image\/"},"sameAs":["https:\/\/www.linkedin.com\/company\/foundation-metaverse-europe\/"]},{"@type":"Person","@id":"https:\/\/foundationmetaverse.eu\/fr#\/schema\/person\/1c453bb633ff80c1deab92d27cf0d18c","name":"Lennart Bl\u00f6dorn","image":{"@type":"ImageObject","inLanguage":"fr-FR","@id":"https:\/\/foundationmetaverse.eu\/fr#\/schema\/person\/image\/","url":"https:\/\/secure.gravatar.com\/avatar\/fb1a6493747aaced3c62d35665be2ab5?s=96&d=mm&r=g","contentUrl":"https:\/\/secure.gravatar.com\/avatar\/fb1a6493747aaced3c62d35665be2ab5?s=96&d=mm&r=g","caption":"Lennart Bl\u00f6dorn"},"url":"https:\/\/foundationmetaverse.eu\/fr\/author\/lennart-bloedorn"}]}},"jetpack_featured_media_url":"","jetpack_sharing_enabled":true,"_links":{"self":[{"href":"https:\/\/foundationmetaverse.eu\/fr\/wp-json\/wp\/v2\/posts\/1710","targetHints":{"allow":["GET"]}}],"collection":[{"href":"https:\/\/foundationmetaverse.eu\/fr\/wp-json\/wp\/v2\/posts"}],"about":[{"href":"https:\/\/foundationmetaverse.eu\/fr\/wp-json\/wp\/v2\/types\/post"}],"author":[{"embeddable":true,"href":"https:\/\/foundationmetaverse.eu\/fr\/wp-json\/wp\/v2\/users\/4"}],"replies":[{"embeddable":true,"href":"https:\/\/foundationmetaverse.eu\/fr\/wp-json\/wp\/v2\/comments?post=1710"}],"version-history":[{"count":3,"href":"https:\/\/foundationmetaverse.eu\/fr\/wp-json\/wp\/v2\/posts\/1710\/revisions"}],"predecessor-version":[{"id":1716,"href":"https:\/\/foundationmetaverse.eu\/fr\/wp-json\/wp\/v2\/posts\/1710\/revisions\/1716"}],"wp:attachment":[{"href":"https:\/\/foundationmetaverse.eu\/fr\/wp-json\/wp\/v2\/media?parent=1710"}],"wp:term":[{"taxonomy":"category","embeddable":true,"href":"https:\/\/foundationmetaverse.eu\/fr\/wp-json\/wp\/v2\/categories?post=1710"},{"taxonomy":"post_tag","embeddable":true,"href":"https:\/\/foundationmetaverse.eu\/fr\/wp-json\/wp\/v2\/tags?post=1710"}],"curies":[{"name":"wp","href":"https:\/\/api.w.org\/{rel}","templated":true}]}}