{"id":727,"date":"2022-11-08T11:02:01","date_gmt":"2022-11-08T10:02:01","guid":{"rendered":"https:\/\/foundationmetaverse.eu\/notre-etude-valeurs-democratiques-selon-la-conception-europeenne-dans-le-metavers"},"modified":"2023-03-30T08:09:08","modified_gmt":"2023-03-30T06:09:08","slug":"notre-etude-valeurs-democratiques-selon-la-conception-europeenne-dans-le-metavers","status":"publish","type":"post","link":"https:\/\/foundationmetaverse.eu\/fr\/notre-etude-valeurs-democratiques-selon-la-conception-europeenne-dans-le-metavers","title":{"rendered":"Notre \u00e9tude \u00ab\u00a0Valeurs d\u00e9mocratiques selon la conception europ\u00e9enne dans le m\u00e9tavers"},"content":{"rendered":"\n<p><strong>La pr\u00e9sente \u00e9tude a \u00e9t\u00e9 r\u00e9alis\u00e9e par notre fondation Metaverse Europe en collaboration avec la Fondation Avenir.<\/strong><\/p>\n\n\n\n<p><strong>Cette \u00e9tude exploratoire sonde les d\u00e9fis et les opportunit\u00e9s pour la d\u00e9mocratie dans le m\u00e9tavers et pr\u00e9sente des domaines pour un travail plus approfondi. Selon ce rapport, la d\u00e9mocratie pourrait \u00eatre menac\u00e9e \u00e0 l&rsquo;avenir par la mise en \u0153uvre de la vision d&rsquo;un m\u00e9tavers centralis\u00e9 et priv\u00e9 dans les trois domaines des droits fondamentaux, de la sph\u00e8re publique et des processus et proc\u00e9dures d\u00e9mocratiques. <\/strong>Comme la technologie n&rsquo;est actuellement pas encore m\u00fbre pour la mise en \u0153uvre d&rsquo;un m\u00e9tavers correspondant \u00e0 un monde de vie complet, l&rsquo;option \u00e0 plus long terme qui s&rsquo;offre ici est de mettre en place des structures europ\u00e9ennes propres dans les dix \u00e0 quinze prochaines ann\u00e9es. Mais la d\u00e9mocratie peut aussi \u00eatre garantie \u00e0 moyen terme par des normes et une r\u00e9glementation. D\u00e8s \u00e0 pr\u00e9sent, il semble judicieux, lors de la mise en place et de l&rsquo;exploitation de Metaversen, d&rsquo;utiliser la r\u00e9glementation num\u00e9rique europ\u00e9enne existante comme cadre, de d\u00e9finir ses propres processus d\u00e9mocratiques et de r\u00e9fl\u00e9chir aux d\u00e9cisions de conception et aux r\u00e8gles de la communaut\u00e9. L&rsquo;\u00e9l\u00e9ment commun \u00e0 tous les domaines d&rsquo;application et \u00e0 tous les horizons temporels est le renforcement de la formation et des comp\u00e9tences des citoyens pour une utilisation inform\u00e9e et critique de cette nouvelle technologie.<\/p>\n\n\n<a  data-e-Disable-Page-Transition=\"true\" class=\"download-link\" title=\"\" href=\"https:\/\/foundationmetaverse.eu\/fr\/download\/1479\/?tmstv=1777192136\" rel=\"nofollow\" id=\"download-link-1479\" data-redirect=\"false\" >\n\tDownload: Study \u2013 European Democratic Values in the Metaverse \u2013 Foundation Metaverse Europe and Stiftung Zukunft<\/a>\n\n","protected":false},"excerpt":{"rendered":"<p>La pr\u00e9sente \u00e9tude a \u00e9t\u00e9 r\u00e9alis\u00e9e par notre fondation Metaverse Europe en collaboration avec la Fondation Avenir. Cette \u00e9tude exploratoire sonde les d\u00e9fis et les opportunit\u00e9s pour la d\u00e9mocratie dans le m\u00e9tavers et pr\u00e9sente des domaines pour un travail plus approfondi. Selon ce rapport, la d\u00e9mocratie pourrait \u00eatre menac\u00e9e \u00e0 l&rsquo;avenir par la mise en \u0153uvre de la vision d&rsquo;un [&hellip;]<\/p>\n","protected":false},"author":2,"featured_media":1485,"comment_status":"open","ping_status":"open","sticky":false,"template":"","format":"standard","meta":{"_acf_changed":false,"_eb_attr":"","_EventAllDay":false,"_EventTimezone":"","_EventStartDate":"","_EventEndDate":"","_EventStartDateUTC":"","_EventEndDateUTC":"","_EventShowMap":false,"_EventShowMapLink":false,"_EventURL":"","_EventCost":"","_EventCostDescription":"","_EventCurrencySymbol":"","_EventCurrencyCode":"","_EventCurrencyPosition":"","_EventDateTimeSeparator":"","_EventTimeRangeSeparator":"","_EventOrganizerID":[],"_EventVenueID":[],"_OrganizerEmail":"","_OrganizerPhone":"","_OrganizerWebsite":"","_VenueAddress":"","_VenueCity":"","_VenueCountry":"","_VenueProvince":"","_VenueState":"","_VenueZip":"","_VenuePhone":"","_VenueURL":"","_VenueStateProvince":"","_VenueLat":"","_VenueLng":"","_VenueShowMap":false,"_VenueShowMapLink":false,"_jetpack_memberships_contains_paid_content":false,"footnotes":""},"categories":[71,73],"tags":[],"class_list":["post-727","post","type-post","status-publish","format-standard","has-post-thumbnail","hentry","category-blog-fr","category-studien-fr"],"acf":[],"yoast_head":"<!-- This site is optimized with the Yoast SEO plugin v26.8 - https:\/\/yoast.com\/product\/yoast-seo-wordpress\/ -->\n<title>Notre \u00e9tude &quot;Valeurs d\u00e9mocratiques selon la conception europ\u00e9enne dans le m\u00e9tavers - Foundation Metaverse Europe<\/title>\n<meta name=\"robots\" content=\"index, follow, max-snippet:-1, max-image-preview:large, max-video-preview:-1\" \/>\n<link rel=\"canonical\" href=\"https:\/\/foundationmetaverse.eu\/fr\/notre-etude-valeurs-democratiques-selon-la-conception-europeenne-dans-le-metavers\" \/>\n<meta property=\"og:locale\" content=\"fr_FR\" \/>\n<meta property=\"og:type\" content=\"article\" \/>\n<meta property=\"og:title\" content=\"Notre \u00e9tude &quot;Valeurs d\u00e9mocratiques selon la conception europ\u00e9enne dans le m\u00e9tavers - Foundation Metaverse Europe\" \/>\n<meta property=\"og:description\" content=\"La pr\u00e9sente \u00e9tude a \u00e9t\u00e9 r\u00e9alis\u00e9e par notre fondation Metaverse Europe en collaboration avec la Fondation Avenir. Cette \u00e9tude exploratoire sonde les d\u00e9fis et les opportunit\u00e9s pour la d\u00e9mocratie dans le m\u00e9tavers et pr\u00e9sente des domaines pour un travail plus approfondi. Selon ce rapport, la d\u00e9mocratie pourrait \u00eatre menac\u00e9e \u00e0 l&rsquo;avenir par la mise en \u0153uvre de la vision d&rsquo;un [&hellip;]\" \/>\n<meta property=\"og:url\" content=\"https:\/\/foundationmetaverse.eu\/fr\/notre-etude-valeurs-democratiques-selon-la-conception-europeenne-dans-le-metavers\" \/>\n<meta property=\"og:site_name\" content=\"Foundation Metaverse Europe\" \/>\n<meta property=\"article:published_time\" content=\"2022-11-08T10:02:01+00:00\" \/>\n<meta property=\"article:modified_time\" content=\"2023-03-30T06:09:08+00:00\" \/>\n<meta property=\"og:image\" content=\"https:\/\/foundationmetaverse.eu\/wp-content\/uploads\/2022\/11\/Foundation-Metaverse-Europe-and-Stiftung-Zukunft-Study-Metaverse-1024x809.png\" \/>\n\t<meta property=\"og:image:width\" content=\"1024\" \/>\n\t<meta property=\"og:image:height\" content=\"809\" \/>\n\t<meta property=\"og:image:type\" content=\"image\/png\" \/>\n<meta name=\"author\" content=\"Oliver Autumn\" \/>\n<meta name=\"twitter:card\" content=\"summary_large_image\" \/>\n<meta name=\"twitter:label1\" content=\"\u00c9crit par\" \/>\n\t<meta name=\"twitter:data1\" content=\"Oliver Autumn\" \/>\n\t<meta name=\"twitter:label2\" content=\"Dur\u00e9e de lecture estim\u00e9e\" \/>\n\t<meta name=\"twitter:data2\" content=\"2 minutes\" \/>\n<script type=\"application\/ld+json\" class=\"yoast-schema-graph\">{\"@context\":\"https:\/\/schema.org\",\"@graph\":[{\"@type\":\"Article\",\"@id\":\"https:\/\/foundationmetaverse.eu\/fr\/notre-etude-valeurs-democratiques-selon-la-conception-europeenne-dans-le-metavers#article\",\"isPartOf\":{\"@id\":\"https:\/\/foundationmetaverse.eu\/fr\/notre-etude-valeurs-democratiques-selon-la-conception-europeenne-dans-le-metavers\"},\"author\":{\"name\":\"Oliver Autumn\",\"@id\":\"https:\/\/foundationmetaverse.eu\/fr#\/schema\/person\/5c346d8884dee2d6c1bce9f082607e55\"},\"headline\":\"Notre \u00e9tude \u00ab\u00a0Valeurs d\u00e9mocratiques selon la conception europ\u00e9enne dans le m\u00e9tavers\",\"datePublished\":\"2022-11-08T10:02:01+00:00\",\"dateModified\":\"2023-03-30T06:09:08+00:00\",\"mainEntityOfPage\":{\"@id\":\"https:\/\/foundationmetaverse.eu\/fr\/notre-etude-valeurs-democratiques-selon-la-conception-europeenne-dans-le-metavers\"},\"wordCount\":264,\"commentCount\":0,\"publisher\":{\"@id\":\"https:\/\/foundationmetaverse.eu\/fr#organization\"},\"image\":{\"@id\":\"https:\/\/foundationmetaverse.eu\/fr\/notre-etude-valeurs-democratiques-selon-la-conception-europeenne-dans-le-metavers#primaryimage\"},\"thumbnailUrl\":\"https:\/\/foundationmetaverse.eu\/wp-content\/uploads\/2022\/11\/Foundation-Metaverse-Europe-and-Stiftung-Zukunft-Study-Metaverse.png\",\"articleSection\":[\"Blog\",\"Studien\"],\"inLanguage\":\"fr-FR\",\"potentialAction\":[{\"@type\":\"CommentAction\",\"name\":\"Comment\",\"target\":[\"https:\/\/foundationmetaverse.eu\/fr\/notre-etude-valeurs-democratiques-selon-la-conception-europeenne-dans-le-metavers#respond\"]}]},{\"@type\":\"WebPage\",\"@id\":\"https:\/\/foundationmetaverse.eu\/fr\/notre-etude-valeurs-democratiques-selon-la-conception-europeenne-dans-le-metavers\",\"url\":\"https:\/\/foundationmetaverse.eu\/fr\/notre-etude-valeurs-democratiques-selon-la-conception-europeenne-dans-le-metavers\",\"name\":\"Notre \u00e9tude \\\"Valeurs d\u00e9mocratiques selon la conception europ\u00e9enne dans le m\u00e9tavers - Foundation Metaverse Europe\",\"isPartOf\":{\"@id\":\"https:\/\/foundationmetaverse.eu\/fr#website\"},\"primaryImageOfPage\":{\"@id\":\"https:\/\/foundationmetaverse.eu\/fr\/notre-etude-valeurs-democratiques-selon-la-conception-europeenne-dans-le-metavers#primaryimage\"},\"image\":{\"@id\":\"https:\/\/foundationmetaverse.eu\/fr\/notre-etude-valeurs-democratiques-selon-la-conception-europeenne-dans-le-metavers#primaryimage\"},\"thumbnailUrl\":\"https:\/\/foundationmetaverse.eu\/wp-content\/uploads\/2022\/11\/Foundation-Metaverse-Europe-and-Stiftung-Zukunft-Study-Metaverse.png\",\"datePublished\":\"2022-11-08T10:02:01+00:00\",\"dateModified\":\"2023-03-30T06:09:08+00:00\",\"breadcrumb\":{\"@id\":\"https:\/\/foundationmetaverse.eu\/fr\/notre-etude-valeurs-democratiques-selon-la-conception-europeenne-dans-le-metavers#breadcrumb\"},\"inLanguage\":\"fr-FR\",\"potentialAction\":[{\"@type\":\"ReadAction\",\"target\":[\"https:\/\/foundationmetaverse.eu\/fr\/notre-etude-valeurs-democratiques-selon-la-conception-europeenne-dans-le-metavers\"]}]},{\"@type\":\"ImageObject\",\"inLanguage\":\"fr-FR\",\"@id\":\"https:\/\/foundationmetaverse.eu\/fr\/notre-etude-valeurs-democratiques-selon-la-conception-europeenne-dans-le-metavers#primaryimage\",\"url\":\"https:\/\/foundationmetaverse.eu\/wp-content\/uploads\/2022\/11\/Foundation-Metaverse-Europe-and-Stiftung-Zukunft-Study-Metaverse.png\",\"contentUrl\":\"https:\/\/foundationmetaverse.eu\/wp-content\/uploads\/2022\/11\/Foundation-Metaverse-Europe-and-Stiftung-Zukunft-Study-Metaverse.png\",\"width\":1594,\"height\":1260},{\"@type\":\"BreadcrumbList\",\"@id\":\"https:\/\/foundationmetaverse.eu\/fr\/notre-etude-valeurs-democratiques-selon-la-conception-europeenne-dans-le-metavers#breadcrumb\",\"itemListElement\":[{\"@type\":\"ListItem\",\"position\":1,\"name\":\"Startseite\",\"item\":\"https:\/\/foundationmetaverse.eu\/fr\"},{\"@type\":\"ListItem\",\"position\":2,\"name\":\"Notre \u00e9tude &#8222;Valeurs d\u00e9mocratiques selon la conception europ\u00e9enne dans le m\u00e9tavers\"}]},{\"@type\":\"WebSite\",\"@id\":\"https:\/\/foundationmetaverse.eu\/fr#website\",\"url\":\"https:\/\/foundationmetaverse.eu\/fr\",\"name\":\"Foundation Metaverse Europe\",\"description\":\"We anchor European values in the mind and heart of the Metaverse.\",\"publisher\":{\"@id\":\"https:\/\/foundationmetaverse.eu\/fr#organization\"},\"potentialAction\":[{\"@type\":\"SearchAction\",\"target\":{\"@type\":\"EntryPoint\",\"urlTemplate\":\"https:\/\/foundationmetaverse.eu\/fr?s={search_term_string}\"},\"query-input\":{\"@type\":\"PropertyValueSpecification\",\"valueRequired\":true,\"valueName\":\"search_term_string\"}}],\"inLanguage\":\"fr-FR\"},{\"@type\":\"Organization\",\"@id\":\"https:\/\/foundationmetaverse.eu\/fr#organization\",\"name\":\"Foundation Metaverse Europe\",\"url\":\"https:\/\/foundationmetaverse.eu\/fr\",\"logo\":{\"@type\":\"ImageObject\",\"inLanguage\":\"fr-FR\",\"@id\":\"https:\/\/foundationmetaverse.eu\/fr#\/schema\/logo\/image\/\",\"url\":\"https:\/\/foundationmetaverse.eu\/wp-content\/uploads\/2022\/04\/FME_Logo_AllBlack_Small.png\",\"contentUrl\":\"https:\/\/foundationmetaverse.eu\/wp-content\/uploads\/2022\/04\/FME_Logo_AllBlack_Small.png\",\"width\":600,\"height\":262,\"caption\":\"Foundation Metaverse Europe\"},\"image\":{\"@id\":\"https:\/\/foundationmetaverse.eu\/fr#\/schema\/logo\/image\/\"},\"sameAs\":[\"https:\/\/www.linkedin.com\/company\/foundation-metaverse-europe\/\"]},{\"@type\":\"Person\",\"@id\":\"https:\/\/foundationmetaverse.eu\/fr#\/schema\/person\/5c346d8884dee2d6c1bce9f082607e55\",\"name\":\"Oliver Autumn\",\"image\":{\"@type\":\"ImageObject\",\"inLanguage\":\"fr-FR\",\"@id\":\"https:\/\/foundationmetaverse.eu\/fr#\/schema\/person\/image\/\",\"url\":\"https:\/\/secure.gravatar.com\/avatar\/de4e5b21e24cb29e441d4c50efc3b391?s=96&d=mm&r=g\",\"contentUrl\":\"https:\/\/secure.gravatar.com\/avatar\/de4e5b21e24cb29e441d4c50efc3b391?s=96&d=mm&r=g\",\"caption\":\"Oliver Autumn\"},\"url\":\"https:\/\/foundationmetaverse.eu\/fr\/author\/oliver-autumn\"}]}<\/script>\n<!-- \/ Yoast SEO plugin. -->","yoast_head_json":{"title":"Notre \u00e9tude \"Valeurs d\u00e9mocratiques selon la conception europ\u00e9enne dans le m\u00e9tavers - Foundation Metaverse Europe","robots":{"index":"index","follow":"follow","max-snippet":"max-snippet:-1","max-image-preview":"max-image-preview:large","max-video-preview":"max-video-preview:-1"},"canonical":"https:\/\/foundationmetaverse.eu\/fr\/notre-etude-valeurs-democratiques-selon-la-conception-europeenne-dans-le-metavers","og_locale":"fr_FR","og_type":"article","og_title":"Notre \u00e9tude \"Valeurs d\u00e9mocratiques selon la conception europ\u00e9enne dans le m\u00e9tavers - Foundation Metaverse Europe","og_description":"La pr\u00e9sente \u00e9tude a \u00e9t\u00e9 r\u00e9alis\u00e9e par notre fondation Metaverse Europe en collaboration avec la Fondation Avenir. Cette \u00e9tude exploratoire sonde les d\u00e9fis et les opportunit\u00e9s pour la d\u00e9mocratie dans le m\u00e9tavers et pr\u00e9sente des domaines pour un travail plus approfondi. Selon ce rapport, la d\u00e9mocratie pourrait \u00eatre menac\u00e9e \u00e0 l&rsquo;avenir par la mise en \u0153uvre de la vision d&rsquo;un [&hellip;]","og_url":"https:\/\/foundationmetaverse.eu\/fr\/notre-etude-valeurs-democratiques-selon-la-conception-europeenne-dans-le-metavers","og_site_name":"Foundation Metaverse Europe","article_published_time":"2022-11-08T10:02:01+00:00","article_modified_time":"2023-03-30T06:09:08+00:00","og_image":[{"width":1024,"height":809,"url":"https:\/\/foundationmetaverse.eu\/wp-content\/uploads\/2022\/11\/Foundation-Metaverse-Europe-and-Stiftung-Zukunft-Study-Metaverse-1024x809.png","type":"image\/png"}],"author":"Oliver Autumn","twitter_card":"summary_large_image","twitter_misc":{"\u00c9crit par":"Oliver Autumn","Dur\u00e9e de lecture estim\u00e9e":"2 minutes"},"schema":{"@context":"https:\/\/schema.org","@graph":[{"@type":"Article","@id":"https:\/\/foundationmetaverse.eu\/fr\/notre-etude-valeurs-democratiques-selon-la-conception-europeenne-dans-le-metavers#article","isPartOf":{"@id":"https:\/\/foundationmetaverse.eu\/fr\/notre-etude-valeurs-democratiques-selon-la-conception-europeenne-dans-le-metavers"},"author":{"name":"Oliver Autumn","@id":"https:\/\/foundationmetaverse.eu\/fr#\/schema\/person\/5c346d8884dee2d6c1bce9f082607e55"},"headline":"Notre \u00e9tude \u00ab\u00a0Valeurs d\u00e9mocratiques selon la conception europ\u00e9enne dans le m\u00e9tavers","datePublished":"2022-11-08T10:02:01+00:00","dateModified":"2023-03-30T06:09:08+00:00","mainEntityOfPage":{"@id":"https:\/\/foundationmetaverse.eu\/fr\/notre-etude-valeurs-democratiques-selon-la-conception-europeenne-dans-le-metavers"},"wordCount":264,"commentCount":0,"publisher":{"@id":"https:\/\/foundationmetaverse.eu\/fr#organization"},"image":{"@id":"https:\/\/foundationmetaverse.eu\/fr\/notre-etude-valeurs-democratiques-selon-la-conception-europeenne-dans-le-metavers#primaryimage"},"thumbnailUrl":"https:\/\/foundationmetaverse.eu\/wp-content\/uploads\/2022\/11\/Foundation-Metaverse-Europe-and-Stiftung-Zukunft-Study-Metaverse.png","articleSection":["Blog","Studien"],"inLanguage":"fr-FR","potentialAction":[{"@type":"CommentAction","name":"Comment","target":["https:\/\/foundationmetaverse.eu\/fr\/notre-etude-valeurs-democratiques-selon-la-conception-europeenne-dans-le-metavers#respond"]}]},{"@type":"WebPage","@id":"https:\/\/foundationmetaverse.eu\/fr\/notre-etude-valeurs-democratiques-selon-la-conception-europeenne-dans-le-metavers","url":"https:\/\/foundationmetaverse.eu\/fr\/notre-etude-valeurs-democratiques-selon-la-conception-europeenne-dans-le-metavers","name":"Notre \u00e9tude \"Valeurs d\u00e9mocratiques selon la conception europ\u00e9enne dans le m\u00e9tavers - Foundation Metaverse Europe","isPartOf":{"@id":"https:\/\/foundationmetaverse.eu\/fr#website"},"primaryImageOfPage":{"@id":"https:\/\/foundationmetaverse.eu\/fr\/notre-etude-valeurs-democratiques-selon-la-conception-europeenne-dans-le-metavers#primaryimage"},"image":{"@id":"https:\/\/foundationmetaverse.eu\/fr\/notre-etude-valeurs-democratiques-selon-la-conception-europeenne-dans-le-metavers#primaryimage"},"thumbnailUrl":"https:\/\/foundationmetaverse.eu\/wp-content\/uploads\/2022\/11\/Foundation-Metaverse-Europe-and-Stiftung-Zukunft-Study-Metaverse.png","datePublished":"2022-11-08T10:02:01+00:00","dateModified":"2023-03-30T06:09:08+00:00","breadcrumb":{"@id":"https:\/\/foundationmetaverse.eu\/fr\/notre-etude-valeurs-democratiques-selon-la-conception-europeenne-dans-le-metavers#breadcrumb"},"inLanguage":"fr-FR","potentialAction":[{"@type":"ReadAction","target":["https:\/\/foundationmetaverse.eu\/fr\/notre-etude-valeurs-democratiques-selon-la-conception-europeenne-dans-le-metavers"]}]},{"@type":"ImageObject","inLanguage":"fr-FR","@id":"https:\/\/foundationmetaverse.eu\/fr\/notre-etude-valeurs-democratiques-selon-la-conception-europeenne-dans-le-metavers#primaryimage","url":"https:\/\/foundationmetaverse.eu\/wp-content\/uploads\/2022\/11\/Foundation-Metaverse-Europe-and-Stiftung-Zukunft-Study-Metaverse.png","contentUrl":"https:\/\/foundationmetaverse.eu\/wp-content\/uploads\/2022\/11\/Foundation-Metaverse-Europe-and-Stiftung-Zukunft-Study-Metaverse.png","width":1594,"height":1260},{"@type":"BreadcrumbList","@id":"https:\/\/foundationmetaverse.eu\/fr\/notre-etude-valeurs-democratiques-selon-la-conception-europeenne-dans-le-metavers#breadcrumb","itemListElement":[{"@type":"ListItem","position":1,"name":"Startseite","item":"https:\/\/foundationmetaverse.eu\/fr"},{"@type":"ListItem","position":2,"name":"Notre \u00e9tude &#8222;Valeurs d\u00e9mocratiques selon la conception europ\u00e9enne dans le m\u00e9tavers"}]},{"@type":"WebSite","@id":"https:\/\/foundationmetaverse.eu\/fr#website","url":"https:\/\/foundationmetaverse.eu\/fr","name":"Foundation Metaverse Europe","description":"We anchor European values in the mind and heart of the Metaverse.","publisher":{"@id":"https:\/\/foundationmetaverse.eu\/fr#organization"},"potentialAction":[{"@type":"SearchAction","target":{"@type":"EntryPoint","urlTemplate":"https:\/\/foundationmetaverse.eu\/fr?s={search_term_string}"},"query-input":{"@type":"PropertyValueSpecification","valueRequired":true,"valueName":"search_term_string"}}],"inLanguage":"fr-FR"},{"@type":"Organization","@id":"https:\/\/foundationmetaverse.eu\/fr#organization","name":"Foundation Metaverse Europe","url":"https:\/\/foundationmetaverse.eu\/fr","logo":{"@type":"ImageObject","inLanguage":"fr-FR","@id":"https:\/\/foundationmetaverse.eu\/fr#\/schema\/logo\/image\/","url":"https:\/\/foundationmetaverse.eu\/wp-content\/uploads\/2022\/04\/FME_Logo_AllBlack_Small.png","contentUrl":"https:\/\/foundationmetaverse.eu\/wp-content\/uploads\/2022\/04\/FME_Logo_AllBlack_Small.png","width":600,"height":262,"caption":"Foundation Metaverse Europe"},"image":{"@id":"https:\/\/foundationmetaverse.eu\/fr#\/schema\/logo\/image\/"},"sameAs":["https:\/\/www.linkedin.com\/company\/foundation-metaverse-europe\/"]},{"@type":"Person","@id":"https:\/\/foundationmetaverse.eu\/fr#\/schema\/person\/5c346d8884dee2d6c1bce9f082607e55","name":"Oliver Autumn","image":{"@type":"ImageObject","inLanguage":"fr-FR","@id":"https:\/\/foundationmetaverse.eu\/fr#\/schema\/person\/image\/","url":"https:\/\/secure.gravatar.com\/avatar\/de4e5b21e24cb29e441d4c50efc3b391?s=96&d=mm&r=g","contentUrl":"https:\/\/secure.gravatar.com\/avatar\/de4e5b21e24cb29e441d4c50efc3b391?s=96&d=mm&r=g","caption":"Oliver Autumn"},"url":"https:\/\/foundationmetaverse.eu\/fr\/author\/oliver-autumn"}]}},"jetpack_featured_media_url":"https:\/\/foundationmetaverse.eu\/wp-content\/uploads\/2022\/11\/Foundation-Metaverse-Europe-and-Stiftung-Zukunft-Study-Metaverse.png","jetpack_sharing_enabled":true,"_links":{"self":[{"href":"https:\/\/foundationmetaverse.eu\/fr\/wp-json\/wp\/v2\/posts\/727","targetHints":{"allow":["GET"]}}],"collection":[{"href":"https:\/\/foundationmetaverse.eu\/fr\/wp-json\/wp\/v2\/posts"}],"about":[{"href":"https:\/\/foundationmetaverse.eu\/fr\/wp-json\/wp\/v2\/types\/post"}],"author":[{"embeddable":true,"href":"https:\/\/foundationmetaverse.eu\/fr\/wp-json\/wp\/v2\/users\/2"}],"replies":[{"embeddable":true,"href":"https:\/\/foundationmetaverse.eu\/fr\/wp-json\/wp\/v2\/comments?post=727"}],"version-history":[{"count":4,"href":"https:\/\/foundationmetaverse.eu\/fr\/wp-json\/wp\/v2\/posts\/727\/revisions"}],"predecessor-version":[{"id":1488,"href":"https:\/\/foundationmetaverse.eu\/fr\/wp-json\/wp\/v2\/posts\/727\/revisions\/1488"}],"wp:featuredmedia":[{"embeddable":true,"href":"https:\/\/foundationmetaverse.eu\/fr\/wp-json\/wp\/v2\/media\/1485"}],"wp:attachment":[{"href":"https:\/\/foundationmetaverse.eu\/fr\/wp-json\/wp\/v2\/media?parent=727"}],"wp:term":[{"taxonomy":"category","embeddable":true,"href":"https:\/\/foundationmetaverse.eu\/fr\/wp-json\/wp\/v2\/categories?post=727"},{"taxonomy":"post_tag","embeddable":true,"href":"https:\/\/foundationmetaverse.eu\/fr\/wp-json\/wp\/v2\/tags?post=727"}],"curies":[{"name":"wp","href":"https:\/\/api.w.org\/{rel}","templated":true}]}}